{"id":6965,"date":"2026-01-12T15:21:22","date_gmt":"2026-01-12T14:21:22","guid":{"rendered":"https:\/\/www.rifugioaverau.it\/news\/unkategorisiert\/anti-frost-rezepte\/"},"modified":"2026-01-12T15:21:22","modified_gmt":"2026-01-12T14:21:22","slug":"anti-frost-rezepte","status":"publish","type":"post","link":"https:\/\/www.rifugioaverau.it\/de\/news\/rezepte\/anti-frost-rezepte\/","title":{"rendered":"Anti-Frost-Rezepte"},"content":{"rendered":"\n<p>Einige stie\u00dfen von Averaus Speisekarte, um sich vor der intensiven K\u00e4lte dieser eisigen Tage zu sch\u00fctzen. Einige besondere Gerichte, die nicht auf der Speisekarte von Averau stehen, wurden entwickelt, um der bitteren K\u00e4lte dieser Wintertage standzuhalten. Das Jahr 2026 beginnt mit einer Welle von Tieftemperaturen (es ist ratsam, die <a href=\"https:\/\/meteo.arpa.veneto.it\/?page=DM\">Wettervorhersage<\/a> f\u00fcr Updates zu konsultieren). Um den Strapazen des Klimas entgegenzutreten, bietet unser Restaurant eine Auswahl an kulinarischen Spezialit\u00e4ten, die das Herz erw\u00e4rmen. Das haben wir f\u00fcr Sie vorbereitet:    <\/p>\n\n<p>GEMISCHT GEKOCHT<\/p>\n\n<figure class=\"wp-block-image size-large\"><img decoding=\"async\" width=\"768\" height=\"1024\" src=\"https:\/\/www.rifugioaverau.it\/wp-content\/uploads\/2026\/01\/Bollito-768x1024.jpg\" alt=\"\" class=\"wp-image-6949\"\/><figcaption class=\"wp-element-caption\">Gemischtes gekochtes Fleisch, von der Speisekarte von Averau, um sich vor der K\u00e4lte zu sch\u00fctzen<\/figcaption><\/figure>\n\n<p>Zu unseren Vorschl\u00e4gen geh\u00f6rt das gemischte gekochte Fleisch, bestehend aus Kalbskopf, Rindermuskel, Ochenzunge, Schweine-Cotechino und Kapon. Jede Zutat wird separat gekocht und mit Meerrettich (Meerrettichsauce), Salsa Verde und Dijon-Getreide-Senf serviert. <\/p>\n\n<p>CAPPELLETTI IN BR\u00dcHE<\/p>\n\n<figure class=\"wp-block-image size-large\"><img decoding=\"async\" width=\"768\" height=\"1024\" src=\"https:\/\/www.rifugioaverau.it\/wp-content\/uploads\/2026\/01\/Cappelletti-768x1024.jpg\" alt=\"\" class=\"wp-image-6950\"\/><figcaption class=\"wp-element-caption\">Cappelletti in Br\u00fche, von der Speisekarte von Averau, um sich vor der K\u00e4lte zu sch\u00fctzen<\/figcaption><\/figure>\n\n<p>Zus\u00e4tzlich bieten wir handwerklich hergestellte Cappelletti an, gef\u00fcllt mit Fasan, serviert mit gemischter gekochter Fleischbr\u00fche, um unseren Kunden zus\u00e4tzlichen Komfort zu bieten. Cappelletti kann auch trocken serviert werden, mit Parmigiano Reggiano PDO, einer Mischung aus alpinen Kr\u00e4utern und geschmolzener Butter. Es ist m\u00f6glich, sie als Zugabe oder Trio mit anderen Vorg\u00e4ngen aus unserem <a href=\"https:\/\/www.rifugioaverau.it\/en\/cuisine\/the-restaurant\/menus-all-languages\/\">vielf\u00e4ltigen Men\u00fc<\/a> zu kombinieren, begleitet von einer <a href=\"http:\/\/chrome-extension:\/\/efaidnbmnnnibpcajpcglclefindmkaj\/https:\/\/www.rifugioaverau.it\/wp-content\/uploads\/2024\/12\/241220-ListaVini-RifugioAverau.pdf\">Auswahl an feinen Weinen.<\/a>  <\/p>\n\n<p>F\u00fcr die Abenteuerlustigen, die weiterhin die Aussicht von unserer <a href=\"https:\/\/www.rifugioaverau.it\/de\/essen\/die-terrasse\/\">Panoramaterrasse<\/a> genie\u00dfen m\u00f6chten, zus\u00e4tzlich zu unserem Off-Menu-Averau zum Schutz vor der K\u00e4lte, haben wir unseren <a href=\"https:\/\/www.rifugioaverau.it\/de\/essen\/stammtisch\/\">Stammtisch<\/a> mit einem brennenden Feuer, der etwas Taubheit abstrahlt. Die Atmosph\u00e4re des Mittagessens wird durch die W\u00e4rme des Feuers im Zentrum etwas magischer gemacht, wo die Geselligkeit unsere K\u00fcche trifft und die G\u00e4ste einige Stunden reiner und seltener Sch\u00f6nheit auf der Terrasse mit Blick auf die Dolomiten genie\u00dfen! <\/p>\n\n<p><\/p>\n","protected":false},"excerpt":{"rendered":"<p>Vom Speiseplan des Averau, um sich vor der K\u00e4lte zu sch\u00fctzen. Gemischtes gekochtes Fleisch <\/p>\n","protected":false},"author":2,"featured_media":6963,"comment_status":"closed","ping_status":"open","sticky":false,"template":"","format":"standard","meta":{"_et_pb_use_builder":"off","_et_pb_old_content":"","_et_gb_content_width":"","footnotes":""},"categories":[170],"tags":[194],"class_list":["post-6965","post","type-post","status-publish","format-standard","has-post-thumbnail","hentry","category-rezepte","tag-rezepte"],"yoast_head":"<!-- This site is optimized with the Yoast SEO plugin v27.6 - https:\/\/yoast.com\/product\/yoast-seo-wordpress\/ -->\n<title>Anti-Frost-Rezepte - Rifugio Averau | 5 Torri | Cortina d&#039;Ampezzo<\/title>\n<meta name=\"description\" content=\"Ein paar Gerichte zum Aufw\u00e4rmen. Averaus Off-Menu-Vorschl\u00e4ge, um sich vor der K\u00e4lte zu sch\u00fctzen: Gemischtes gekochtes Fleisch und Cappelletti in Br\u00fche\" \/>\n<meta name=\"robots\" content=\"index, follow, max-snippet:-1, max-image-preview:large, max-video-preview:-1\" \/>\n<link rel=\"canonical\" href=\"https:\/\/www.rifugioaverau.it\/de\/news\/rezepte\/anti-frost-rezepte\/\" \/>\n<meta property=\"og:locale\" content=\"de_DE\" \/>\n<meta property=\"og:type\" content=\"article\" \/>\n<meta property=\"og:title\" content=\"Anti-Frost-Rezepte - Rifugio Averau | 5 Torri | Cortina d&#039;Ampezzo\" \/>\n<meta property=\"og:description\" content=\"Ein paar Gerichte zum Aufw\u00e4rmen. Averaus Off-Menu-Vorschl\u00e4ge, um sich vor der K\u00e4lte zu sch\u00fctzen: Gemischtes gekochtes Fleisch und Cappelletti in Br\u00fche\" \/>\n<meta property=\"og:url\" content=\"https:\/\/www.rifugioaverau.it\/de\/news\/rezepte\/anti-frost-rezepte\/\" \/>\n<meta property=\"og:site_name\" content=\"Rifugio Averau | 5 Torri | Cortina d&#039;Ampezzo\" \/>\n<meta property=\"article:publisher\" content=\"https:\/\/www.facebook.com\/rifugioaverau\/\" \/>\n<meta property=\"article:published_time\" content=\"2026-01-12T14:21:22+00:00\" \/>\n<meta property=\"og:image\" content=\"https:\/\/www.rifugioaverau.it\/wp-content\/uploads\/2026\/01\/Bollito.jpg\" \/>\n\t<meta property=\"og:image:width\" content=\"1200\" \/>\n\t<meta property=\"og:image:height\" content=\"1600\" \/>\n\t<meta property=\"og:image:type\" content=\"image\/jpeg\" \/>\n<meta name=\"author\" content=\"Rifugio Averau\" \/>\n<meta name=\"twitter:card\" content=\"summary_large_image\" \/>\n<meta name=\"twitter:label1\" content=\"Verfasst von\" \/>\n\t<meta name=\"twitter:data1\" content=\"Rifugio Averau\" \/>\n\t<meta name=\"twitter:label2\" content=\"Gesch\u00e4tzte Lesezeit\" \/>\n\t<meta name=\"twitter:data2\" content=\"2\u00a0Minuten\" \/>\n<script type=\"application\/ld+json\" class=\"yoast-schema-graph\">{\"@context\":\"https:\\\/\\\/schema.org\",\"@graph\":[{\"@type\":\"Article\",\"@id\":\"https:\\\/\\\/www.rifugioaverau.it\\\/de\\\/news\\\/rezepte\\\/anti-frost-rezepte\\\/#article\",\"isPartOf\":{\"@id\":\"https:\\\/\\\/www.rifugioaverau.it\\\/de\\\/news\\\/rezepte\\\/anti-frost-rezepte\\\/\"},\"author\":{\"name\":\"Rifugio Averau\",\"@id\":\"https:\\\/\\\/www.rifugioaverau.it\\\/de\\\/#\\\/schema\\\/person\\\/c0c10efeac51908be02c9b867205e47c\"},\"headline\":\"Anti-Frost-Rezepte\",\"datePublished\":\"2026-01-12T14:21:22+00:00\",\"mainEntityOfPage\":{\"@id\":\"https:\\\/\\\/www.rifugioaverau.it\\\/de\\\/news\\\/rezepte\\\/anti-frost-rezepte\\\/\"},\"wordCount\":314,\"publisher\":{\"@id\":\"https:\\\/\\\/www.rifugioaverau.it\\\/de\\\/#organization\"},\"image\":{\"@id\":\"https:\\\/\\\/www.rifugioaverau.it\\\/de\\\/news\\\/rezepte\\\/anti-frost-rezepte\\\/#primaryimage\"},\"thumbnailUrl\":\"https:\\\/\\\/www.rifugioaverau.it\\\/wp-content\\\/uploads\\\/2026\\\/01\\\/Bollito.jpg\",\"keywords\":[\"Rezepte\"],\"articleSection\":[\"Rezepte\"],\"inLanguage\":\"de\"},{\"@type\":\"WebPage\",\"@id\":\"https:\\\/\\\/www.rifugioaverau.it\\\/de\\\/news\\\/rezepte\\\/anti-frost-rezepte\\\/\",\"url\":\"https:\\\/\\\/www.rifugioaverau.it\\\/de\\\/news\\\/rezepte\\\/anti-frost-rezepte\\\/\",\"name\":\"Anti-Frost-Rezepte - Rifugio Averau | 5 Torri | Cortina d&#039;Ampezzo\",\"isPartOf\":{\"@id\":\"https:\\\/\\\/www.rifugioaverau.it\\\/de\\\/#website\"},\"primaryImageOfPage\":{\"@id\":\"https:\\\/\\\/www.rifugioaverau.it\\\/de\\\/news\\\/rezepte\\\/anti-frost-rezepte\\\/#primaryimage\"},\"image\":{\"@id\":\"https:\\\/\\\/www.rifugioaverau.it\\\/de\\\/news\\\/rezepte\\\/anti-frost-rezepte\\\/#primaryimage\"},\"thumbnailUrl\":\"https:\\\/\\\/www.rifugioaverau.it\\\/wp-content\\\/uploads\\\/2026\\\/01\\\/Bollito.jpg\",\"datePublished\":\"2026-01-12T14:21:22+00:00\",\"description\":\"Ein paar Gerichte zum Aufw\u00e4rmen. Averaus Off-Menu-Vorschl\u00e4ge, um sich vor der K\u00e4lte zu sch\u00fctzen: Gemischtes gekochtes Fleisch und Cappelletti in Br\u00fche\",\"breadcrumb\":{\"@id\":\"https:\\\/\\\/www.rifugioaverau.it\\\/de\\\/news\\\/rezepte\\\/anti-frost-rezepte\\\/#breadcrumb\"},\"inLanguage\":\"de\",\"potentialAction\":[{\"@type\":\"ReadAction\",\"target\":[\"https:\\\/\\\/www.rifugioaverau.it\\\/de\\\/news\\\/rezepte\\\/anti-frost-rezepte\\\/\"]}]},{\"@type\":\"ImageObject\",\"inLanguage\":\"de\",\"@id\":\"https:\\\/\\\/www.rifugioaverau.it\\\/de\\\/news\\\/rezepte\\\/anti-frost-rezepte\\\/#primaryimage\",\"url\":\"https:\\\/\\\/www.rifugioaverau.it\\\/wp-content\\\/uploads\\\/2026\\\/01\\\/Bollito.jpg\",\"contentUrl\":\"https:\\\/\\\/www.rifugioaverau.it\\\/wp-content\\\/uploads\\\/2026\\\/01\\\/Bollito.jpg\",\"width\":1200,\"height\":1600,\"caption\":\"Vom Speiseplan des Averau gestrichen, um sich vor der K\u00e4lte zu sch\u00fctzen\"},{\"@type\":\"BreadcrumbList\",\"@id\":\"https:\\\/\\\/www.rifugioaverau.it\\\/de\\\/news\\\/rezepte\\\/anti-frost-rezepte\\\/#breadcrumb\",\"itemListElement\":[{\"@type\":\"ListItem\",\"position\":1,\"name\":\"Home\",\"item\":\"https:\\\/\\\/www.rifugioaverau.it\\\/de\\\/huette-rifugio-averau\\\/\"},{\"@type\":\"ListItem\",\"position\":2,\"name\":\"Unkategorisiert\",\"item\":\"https:\\\/\\\/www.rifugioaverau.it\\\/de\\\/news\\\/category\\\/unkategorisiert\\\/\"},{\"@type\":\"ListItem\",\"position\":3,\"name\":\"Anti-Frost-Rezepte\"}]},{\"@type\":\"WebSite\",\"@id\":\"https:\\\/\\\/www.rifugioaverau.it\\\/de\\\/#website\",\"url\":\"https:\\\/\\\/www.rifugioaverau.it\\\/de\\\/\",\"name\":\"Rifugio Averau | 5 Torri | Cortina d'Ampezzo\",\"description\":\"Il tuo rifugio tra le 5 Torri a Cortina d Ampezzo\",\"publisher\":{\"@id\":\"https:\\\/\\\/www.rifugioaverau.it\\\/de\\\/#organization\"},\"potentialAction\":[{\"@type\":\"SearchAction\",\"target\":{\"@type\":\"EntryPoint\",\"urlTemplate\":\"https:\\\/\\\/www.rifugioaverau.it\\\/de\\\/?s={search_term_string}\"},\"query-input\":{\"@type\":\"PropertyValueSpecification\",\"valueRequired\":true,\"valueName\":\"search_term_string\"}}],\"inLanguage\":\"de\"},{\"@type\":\"Organization\",\"@id\":\"https:\\\/\\\/www.rifugioaverau.it\\\/de\\\/#organization\",\"name\":\"Rifugio Averau\",\"url\":\"https:\\\/\\\/www.rifugioaverau.it\\\/de\\\/\",\"logo\":{\"@type\":\"ImageObject\",\"inLanguage\":\"de\",\"@id\":\"https:\\\/\\\/www.rifugioaverau.it\\\/de\\\/#\\\/schema\\\/logo\\\/image\\\/\",\"url\":\"https:\\\/\\\/www.rifugioaverau.it\\\/wp-content\\\/uploads\\\/2020\\\/04\\\/Logo-RifugioAverau-5Torrri-Dolomiti-CortinadAmpezzo.png\",\"contentUrl\":\"https:\\\/\\\/www.rifugioaverau.it\\\/wp-content\\\/uploads\\\/2020\\\/04\\\/Logo-RifugioAverau-5Torrri-Dolomiti-CortinadAmpezzo.png\",\"width\":512,\"height\":512,\"caption\":\"Rifugio Averau\"},\"image\":{\"@id\":\"https:\\\/\\\/www.rifugioaverau.it\\\/de\\\/#\\\/schema\\\/logo\\\/image\\\/\"},\"sameAs\":[\"https:\\\/\\\/www.facebook.com\\\/rifugioaverau\\\/\",\"https:\\\/\\\/www.instagram.com\\\/rifugioaverau\\\/\"]},{\"@type\":\"Person\",\"@id\":\"https:\\\/\\\/www.rifugioaverau.it\\\/de\\\/#\\\/schema\\\/person\\\/c0c10efeac51908be02c9b867205e47c\",\"name\":\"Rifugio Averau\",\"image\":{\"@type\":\"ImageObject\",\"inLanguage\":\"de\",\"@id\":\"https:\\\/\\\/secure.gravatar.com\\\/avatar\\\/73ea0fb5dca4499eccdb43f1ae2043fadd550c92fa557ce410661b6b9804fbd1?s=96&d=mm&r=g\",\"url\":\"https:\\\/\\\/secure.gravatar.com\\\/avatar\\\/73ea0fb5dca4499eccdb43f1ae2043fadd550c92fa557ce410661b6b9804fbd1?s=96&d=mm&r=g\",\"contentUrl\":\"https:\\\/\\\/secure.gravatar.com\\\/avatar\\\/73ea0fb5dca4499eccdb43f1ae2043fadd550c92fa557ce410661b6b9804fbd1?s=96&d=mm&r=g\",\"caption\":\"Rifugio Averau\"}}]}<\/script>\n<!-- \/ Yoast SEO plugin. -->","yoast_head_json":{"title":"Anti-Frost-Rezepte - Rifugio Averau | 5 Torri | Cortina d&#039;Ampezzo","description":"Ein paar Gerichte zum Aufw\u00e4rmen. Averaus Off-Menu-Vorschl\u00e4ge, um sich vor der K\u00e4lte zu sch\u00fctzen: Gemischtes gekochtes Fleisch und Cappelletti in Br\u00fche","robots":{"index":"index","follow":"follow","max-snippet":"max-snippet:-1","max-image-preview":"max-image-preview:large","max-video-preview":"max-video-preview:-1"},"canonical":"https:\/\/www.rifugioaverau.it\/de\/news\/rezepte\/anti-frost-rezepte\/","og_locale":"de_DE","og_type":"article","og_title":"Anti-Frost-Rezepte - Rifugio Averau | 5 Torri | Cortina d&#039;Ampezzo","og_description":"Ein paar Gerichte zum Aufw\u00e4rmen. Averaus Off-Menu-Vorschl\u00e4ge, um sich vor der K\u00e4lte zu sch\u00fctzen: Gemischtes gekochtes Fleisch und Cappelletti in Br\u00fche","og_url":"https:\/\/www.rifugioaverau.it\/de\/news\/rezepte\/anti-frost-rezepte\/","og_site_name":"Rifugio Averau | 5 Torri | Cortina d&#039;Ampezzo","article_publisher":"https:\/\/www.facebook.com\/rifugioaverau\/","article_published_time":"2026-01-12T14:21:22+00:00","og_image":[{"width":1200,"height":1600,"url":"https:\/\/www.rifugioaverau.it\/wp-content\/uploads\/2026\/01\/Bollito.jpg","type":"image\/jpeg"}],"author":"Rifugio Averau","twitter_card":"summary_large_image","twitter_misc":{"Verfasst von":"Rifugio Averau","Gesch\u00e4tzte Lesezeit":"2\u00a0Minuten"},"schema":{"@context":"https:\/\/schema.org","@graph":[{"@type":"Article","@id":"https:\/\/www.rifugioaverau.it\/de\/news\/rezepte\/anti-frost-rezepte\/#article","isPartOf":{"@id":"https:\/\/www.rifugioaverau.it\/de\/news\/rezepte\/anti-frost-rezepte\/"},"author":{"name":"Rifugio Averau","@id":"https:\/\/www.rifugioaverau.it\/de\/#\/schema\/person\/c0c10efeac51908be02c9b867205e47c"},"headline":"Anti-Frost-Rezepte","datePublished":"2026-01-12T14:21:22+00:00","mainEntityOfPage":{"@id":"https:\/\/www.rifugioaverau.it\/de\/news\/rezepte\/anti-frost-rezepte\/"},"wordCount":314,"publisher":{"@id":"https:\/\/www.rifugioaverau.it\/de\/#organization"},"image":{"@id":"https:\/\/www.rifugioaverau.it\/de\/news\/rezepte\/anti-frost-rezepte\/#primaryimage"},"thumbnailUrl":"https:\/\/www.rifugioaverau.it\/wp-content\/uploads\/2026\/01\/Bollito.jpg","keywords":["Rezepte"],"articleSection":["Rezepte"],"inLanguage":"de"},{"@type":"WebPage","@id":"https:\/\/www.rifugioaverau.it\/de\/news\/rezepte\/anti-frost-rezepte\/","url":"https:\/\/www.rifugioaverau.it\/de\/news\/rezepte\/anti-frost-rezepte\/","name":"Anti-Frost-Rezepte - Rifugio Averau | 5 Torri | Cortina d&#039;Ampezzo","isPartOf":{"@id":"https:\/\/www.rifugioaverau.it\/de\/#website"},"primaryImageOfPage":{"@id":"https:\/\/www.rifugioaverau.it\/de\/news\/rezepte\/anti-frost-rezepte\/#primaryimage"},"image":{"@id":"https:\/\/www.rifugioaverau.it\/de\/news\/rezepte\/anti-frost-rezepte\/#primaryimage"},"thumbnailUrl":"https:\/\/www.rifugioaverau.it\/wp-content\/uploads\/2026\/01\/Bollito.jpg","datePublished":"2026-01-12T14:21:22+00:00","description":"Ein paar Gerichte zum Aufw\u00e4rmen. Averaus Off-Menu-Vorschl\u00e4ge, um sich vor der K\u00e4lte zu sch\u00fctzen: Gemischtes gekochtes Fleisch und Cappelletti in Br\u00fche","breadcrumb":{"@id":"https:\/\/www.rifugioaverau.it\/de\/news\/rezepte\/anti-frost-rezepte\/#breadcrumb"},"inLanguage":"de","potentialAction":[{"@type":"ReadAction","target":["https:\/\/www.rifugioaverau.it\/de\/news\/rezepte\/anti-frost-rezepte\/"]}]},{"@type":"ImageObject","inLanguage":"de","@id":"https:\/\/www.rifugioaverau.it\/de\/news\/rezepte\/anti-frost-rezepte\/#primaryimage","url":"https:\/\/www.rifugioaverau.it\/wp-content\/uploads\/2026\/01\/Bollito.jpg","contentUrl":"https:\/\/www.rifugioaverau.it\/wp-content\/uploads\/2026\/01\/Bollito.jpg","width":1200,"height":1600,"caption":"Vom Speiseplan des Averau gestrichen, um sich vor der K\u00e4lte zu sch\u00fctzen"},{"@type":"BreadcrumbList","@id":"https:\/\/www.rifugioaverau.it\/de\/news\/rezepte\/anti-frost-rezepte\/#breadcrumb","itemListElement":[{"@type":"ListItem","position":1,"name":"Home","item":"https:\/\/www.rifugioaverau.it\/de\/huette-rifugio-averau\/"},{"@type":"ListItem","position":2,"name":"Unkategorisiert","item":"https:\/\/www.rifugioaverau.it\/de\/news\/category\/unkategorisiert\/"},{"@type":"ListItem","position":3,"name":"Anti-Frost-Rezepte"}]},{"@type":"WebSite","@id":"https:\/\/www.rifugioaverau.it\/de\/#website","url":"https:\/\/www.rifugioaverau.it\/de\/","name":"Rifugio Averau | 5 Torri | Cortina d'Ampezzo","description":"Il tuo rifugio tra le 5 Torri a Cortina d Ampezzo","publisher":{"@id":"https:\/\/www.rifugioaverau.it\/de\/#organization"},"potentialAction":[{"@type":"SearchAction","target":{"@type":"EntryPoint","urlTemplate":"https:\/\/www.rifugioaverau.it\/de\/?s={search_term_string}"},"query-input":{"@type":"PropertyValueSpecification","valueRequired":true,"valueName":"search_term_string"}}],"inLanguage":"de"},{"@type":"Organization","@id":"https:\/\/www.rifugioaverau.it\/de\/#organization","name":"Rifugio Averau","url":"https:\/\/www.rifugioaverau.it\/de\/","logo":{"@type":"ImageObject","inLanguage":"de","@id":"https:\/\/www.rifugioaverau.it\/de\/#\/schema\/logo\/image\/","url":"https:\/\/www.rifugioaverau.it\/wp-content\/uploads\/2020\/04\/Logo-RifugioAverau-5Torrri-Dolomiti-CortinadAmpezzo.png","contentUrl":"https:\/\/www.rifugioaverau.it\/wp-content\/uploads\/2020\/04\/Logo-RifugioAverau-5Torrri-Dolomiti-CortinadAmpezzo.png","width":512,"height":512,"caption":"Rifugio Averau"},"image":{"@id":"https:\/\/www.rifugioaverau.it\/de\/#\/schema\/logo\/image\/"},"sameAs":["https:\/\/www.facebook.com\/rifugioaverau\/","https:\/\/www.instagram.com\/rifugioaverau\/"]},{"@type":"Person","@id":"https:\/\/www.rifugioaverau.it\/de\/#\/schema\/person\/c0c10efeac51908be02c9b867205e47c","name":"Rifugio Averau","image":{"@type":"ImageObject","inLanguage":"de","@id":"https:\/\/secure.gravatar.com\/avatar\/73ea0fb5dca4499eccdb43f1ae2043fadd550c92fa557ce410661b6b9804fbd1?s=96&d=mm&r=g","url":"https:\/\/secure.gravatar.com\/avatar\/73ea0fb5dca4499eccdb43f1ae2043fadd550c92fa557ce410661b6b9804fbd1?s=96&d=mm&r=g","contentUrl":"https:\/\/secure.gravatar.com\/avatar\/73ea0fb5dca4499eccdb43f1ae2043fadd550c92fa557ce410661b6b9804fbd1?s=96&d=mm&r=g","caption":"Rifugio Averau"}}]}},"_links":{"self":[{"href":"https:\/\/www.rifugioaverau.it\/de\/wp-json\/wp\/v2\/posts\/6965","targetHints":{"allow":["GET"]}}],"collection":[{"href":"https:\/\/www.rifugioaverau.it\/de\/wp-json\/wp\/v2\/posts"}],"about":[{"href":"https:\/\/www.rifugioaverau.it\/de\/wp-json\/wp\/v2\/types\/post"}],"author":[{"embeddable":true,"href":"https:\/\/www.rifugioaverau.it\/de\/wp-json\/wp\/v2\/users\/2"}],"replies":[{"embeddable":true,"href":"https:\/\/www.rifugioaverau.it\/de\/wp-json\/wp\/v2\/comments?post=6965"}],"version-history":[{"count":1,"href":"https:\/\/www.rifugioaverau.it\/de\/wp-json\/wp\/v2\/posts\/6965\/revisions"}],"predecessor-version":[{"id":6966,"href":"https:\/\/www.rifugioaverau.it\/de\/wp-json\/wp\/v2\/posts\/6965\/revisions\/6966"}],"wp:featuredmedia":[{"embeddable":true,"href":"https:\/\/www.rifugioaverau.it\/de\/wp-json\/wp\/v2\/media\/6963"}],"wp:attachment":[{"href":"https:\/\/www.rifugioaverau.it\/de\/wp-json\/wp\/v2\/media?parent=6965"}],"wp:term":[{"taxonomy":"category","embeddable":true,"href":"https:\/\/www.rifugioaverau.it\/de\/wp-json\/wp\/v2\/categories?post=6965"},{"taxonomy":"post_tag","embeddable":true,"href":"https:\/\/www.rifugioaverau.it\/de\/wp-json\/wp\/v2\/tags?post=6965"}],"curies":[{"name":"wp","href":"https:\/\/api.w.org\/{rel}","templated":true}]}}