{"id":6664,"date":"2025-06-20T17:02:21","date_gmt":"2025-06-20T15:02:21","guid":{"rendered":"https:\/\/www.rifugioaverau.it\/news\/unkategorisiert\/so-erreichen-sie-uns-an-diesem-wochenende\/"},"modified":"2025-06-20T17:02:22","modified_gmt":"2025-06-20T15:02:22","slug":"so-erreichen-sie-uns-an-diesem-wochenende","status":"publish","type":"post","link":"https:\/\/www.rifugioaverau.it\/de\/news\/erlebnisse\/so-erreichen-sie-uns-an-diesem-wochenende\/","title":{"rendered":"So erreichen Sie uns an diesem Wochenende"},"content":{"rendered":"\n<p>Am Samstag, den 7. Juni, \u00f6ffnen wir die Averau-H\u00fctte wieder! Sie werden uns bereits in Betrieb finden, bereit, Sie zwischen den k\u00f6stlichen Aromen der Berge und aufregenden Ausblicken willkommen zu hei\u00dfen. Hier erfahren Sie, wie Sie sicher dorthin gelangen.<\/p>\n\n<p>Von Fedare und Passo Giau: offene Stra\u00dfe nach Fedare und schneefreie Wege!<br\/>&#8211; Weg 452 (vom Passo Giau)<br\/>&#8211; Weg 464 (von Fedare)<\/p>\n\n<p>Vom Falzarego-Pass:<br\/>&#8211; Schneefreie Wege 439 und 440 zur Scoiattoli-H\u00fctte: dann werden Sie f\u00fcndig! Seien Sie besonders bei der Abfahrt \u00e4u\u00dferst vorsichtig!<br\/>&#8211; Die Wege 441 und 419 sind noch mit Schnee bedeckt.<\/p>\n\n<p>5 Sessellift Torri ab Samstag, 7. Juni in Betrieb!<\/p>\n\n<p>In hohen Lagen gibt es noch sehr verschneite Abschnitte: Wir empfehlen \u00e4u\u00dferste Vorsicht und geeignetes Schuhwerk. Und wir hoffen, dass die Sonne mit uns ist und dass sie bald ihren Teil dazu beitragen wird!<\/p>\n","protected":false},"excerpt":{"rendered":"<p>Am Samstag, den 7. Juni, \u00f6ffnen wir die Averau-H\u00fctte wieder! Sie werden uns bereits in Betrieb finden, bereit, Sie zwischen den k\u00f6stlichen Aromen der Berge und aufregenden Ausblicken willkommen zu hei\u00dfen. Hier erfahren Sie, wie Sie sicher dorthin gelangen. Von Fedare und Passo Giau: offene Stra\u00dfe nach Fedare und schneefreie Wege!&#8211; Weg 452 (vom Passo [&hellip;]<\/p>\n","protected":false},"author":2,"featured_media":6628,"comment_status":"closed","ping_status":"open","sticky":false,"template":"","format":"standard","meta":{"_et_pb_use_builder":"off","_et_pb_old_content":"","_et_gb_content_width":"","footnotes":""},"categories":[131],"tags":[],"class_list":["post-6664","post","type-post","status-publish","format-standard","has-post-thumbnail","hentry","category-erlebnisse"],"yoast_head":"<!-- This site is optimized with the Yoast SEO plugin v27.6 - https:\/\/yoast.com\/product\/yoast-seo-wordpress\/ -->\n<title>So erreichen Sie uns an diesem Wochenende - Rifugio Averau | 5 Torri | Cortina d&#039;Ampezzo<\/title>\n<meta name=\"description\" content=\"Am Samstag, den 7. Juni, \u00f6ffnen wir die Averau-H\u00fctte wieder! Sie werden uns bereits in Betrieb finden, bereit, Sie zwischen den k\u00f6stlichen Aromen der Berge und aufregenden Ausblicken willkommen zu hei\u00dfen.\" \/>\n<meta name=\"robots\" content=\"index, follow, max-snippet:-1, max-image-preview:large, max-video-preview:-1\" \/>\n<link rel=\"canonical\" href=\"https:\/\/www.rifugioaverau.it\/de\/news\/erlebnisse\/so-erreichen-sie-uns-an-diesem-wochenende\/\" \/>\n<meta property=\"og:locale\" content=\"de_DE\" \/>\n<meta property=\"og:type\" content=\"article\" \/>\n<meta property=\"og:title\" content=\"So erreichen Sie uns an diesem Wochenende - Rifugio Averau | 5 Torri | Cortina d&#039;Ampezzo\" \/>\n<meta property=\"og:description\" content=\"Am Samstag, den 7. Juni, \u00f6ffnen wir die Averau-H\u00fctte wieder! Sie werden uns bereits in Betrieb finden, bereit, Sie zwischen den k\u00f6stlichen Aromen der Berge und aufregenden Ausblicken willkommen zu hei\u00dfen.\" \/>\n<meta property=\"og:url\" content=\"https:\/\/www.rifugioaverau.it\/de\/news\/erlebnisse\/so-erreichen-sie-uns-an-diesem-wochenende\/\" \/>\n<meta property=\"og:site_name\" content=\"Rifugio Averau | 5 Torri | Cortina d&#039;Ampezzo\" \/>\n<meta property=\"article:publisher\" content=\"https:\/\/www.facebook.com\/rifugioaverau\/\" \/>\n<meta property=\"article:published_time\" content=\"2025-06-20T15:02:21+00:00\" \/>\n<meta property=\"article:modified_time\" content=\"2025-06-20T15:02:22+00:00\" \/>\n<meta property=\"og:image\" content=\"https:\/\/www.rifugioaverau.it\/wp-content\/uploads\/2025\/06\/RifugioAverau-giugno2025.jpg\" \/>\n\t<meta property=\"og:image:width\" content=\"598\" \/>\n\t<meta property=\"og:image:height\" content=\"420\" \/>\n\t<meta property=\"og:image:type\" content=\"image\/jpeg\" \/>\n<meta name=\"author\" content=\"Rifugio Averau\" \/>\n<meta name=\"twitter:card\" content=\"summary_large_image\" \/>\n<meta name=\"twitter:label1\" content=\"Verfasst von\" \/>\n\t<meta name=\"twitter:data1\" content=\"Rifugio Averau\" \/>\n\t<meta name=\"twitter:label2\" content=\"Gesch\u00e4tzte Lesezeit\" \/>\n\t<meta name=\"twitter:data2\" content=\"1\u00a0Minute\" \/>\n<script type=\"application\/ld+json\" class=\"yoast-schema-graph\">{\"@context\":\"https:\\\/\\\/schema.org\",\"@graph\":[{\"@type\":\"Article\",\"@id\":\"https:\\\/\\\/www.rifugioaverau.it\\\/de\\\/news\\\/erlebnisse\\\/so-erreichen-sie-uns-an-diesem-wochenende\\\/#article\",\"isPartOf\":{\"@id\":\"https:\\\/\\\/www.rifugioaverau.it\\\/de\\\/news\\\/erlebnisse\\\/so-erreichen-sie-uns-an-diesem-wochenende\\\/\"},\"author\":{\"name\":\"Rifugio Averau\",\"@id\":\"https:\\\/\\\/www.rifugioaverau.it\\\/de\\\/#\\\/schema\\\/person\\\/c0c10efeac51908be02c9b867205e47c\"},\"headline\":\"So erreichen Sie uns an diesem Wochenende\",\"datePublished\":\"2025-06-20T15:02:21+00:00\",\"dateModified\":\"2025-06-20T15:02:22+00:00\",\"mainEntityOfPage\":{\"@id\":\"https:\\\/\\\/www.rifugioaverau.it\\\/de\\\/news\\\/erlebnisse\\\/so-erreichen-sie-uns-an-diesem-wochenende\\\/\"},\"wordCount\":144,\"publisher\":{\"@id\":\"https:\\\/\\\/www.rifugioaverau.it\\\/de\\\/#organization\"},\"image\":{\"@id\":\"https:\\\/\\\/www.rifugioaverau.it\\\/de\\\/news\\\/erlebnisse\\\/so-erreichen-sie-uns-an-diesem-wochenende\\\/#primaryimage\"},\"thumbnailUrl\":\"https:\\\/\\\/www.rifugioaverau.it\\\/wp-content\\\/uploads\\\/2025\\\/06\\\/RifugioAverau-giugno2025.jpg\",\"articleSection\":[\"ERLEBNISSE\"],\"inLanguage\":\"de\"},{\"@type\":\"WebPage\",\"@id\":\"https:\\\/\\\/www.rifugioaverau.it\\\/de\\\/news\\\/erlebnisse\\\/so-erreichen-sie-uns-an-diesem-wochenende\\\/\",\"url\":\"https:\\\/\\\/www.rifugioaverau.it\\\/de\\\/news\\\/erlebnisse\\\/so-erreichen-sie-uns-an-diesem-wochenende\\\/\",\"name\":\"So erreichen Sie uns an diesem Wochenende - Rifugio Averau | 5 Torri | Cortina d&#039;Ampezzo\",\"isPartOf\":{\"@id\":\"https:\\\/\\\/www.rifugioaverau.it\\\/de\\\/#website\"},\"primaryImageOfPage\":{\"@id\":\"https:\\\/\\\/www.rifugioaverau.it\\\/de\\\/news\\\/erlebnisse\\\/so-erreichen-sie-uns-an-diesem-wochenende\\\/#primaryimage\"},\"image\":{\"@id\":\"https:\\\/\\\/www.rifugioaverau.it\\\/de\\\/news\\\/erlebnisse\\\/so-erreichen-sie-uns-an-diesem-wochenende\\\/#primaryimage\"},\"thumbnailUrl\":\"https:\\\/\\\/www.rifugioaverau.it\\\/wp-content\\\/uploads\\\/2025\\\/06\\\/RifugioAverau-giugno2025.jpg\",\"datePublished\":\"2025-06-20T15:02:21+00:00\",\"dateModified\":\"2025-06-20T15:02:22+00:00\",\"description\":\"Am Samstag, den 7. Juni, \u00f6ffnen wir die Averau-H\u00fctte wieder! Sie werden uns bereits in Betrieb finden, bereit, Sie zwischen den k\u00f6stlichen Aromen der Berge und aufregenden Ausblicken willkommen zu hei\u00dfen.\",\"breadcrumb\":{\"@id\":\"https:\\\/\\\/www.rifugioaverau.it\\\/de\\\/news\\\/erlebnisse\\\/so-erreichen-sie-uns-an-diesem-wochenende\\\/#breadcrumb\"},\"inLanguage\":\"de\",\"potentialAction\":[{\"@type\":\"ReadAction\",\"target\":[\"https:\\\/\\\/www.rifugioaverau.it\\\/de\\\/news\\\/erlebnisse\\\/so-erreichen-sie-uns-an-diesem-wochenende\\\/\"]}]},{\"@type\":\"ImageObject\",\"inLanguage\":\"de\",\"@id\":\"https:\\\/\\\/www.rifugioaverau.it\\\/de\\\/news\\\/erlebnisse\\\/so-erreichen-sie-uns-an-diesem-wochenende\\\/#primaryimage\",\"url\":\"https:\\\/\\\/www.rifugioaverau.it\\\/wp-content\\\/uploads\\\/2025\\\/06\\\/RifugioAverau-giugno2025.jpg\",\"contentUrl\":\"https:\\\/\\\/www.rifugioaverau.it\\\/wp-content\\\/uploads\\\/2025\\\/06\\\/RifugioAverau-giugno2025.jpg\",\"width\":598,\"height\":420},{\"@type\":\"BreadcrumbList\",\"@id\":\"https:\\\/\\\/www.rifugioaverau.it\\\/de\\\/news\\\/erlebnisse\\\/so-erreichen-sie-uns-an-diesem-wochenende\\\/#breadcrumb\",\"itemListElement\":[{\"@type\":\"ListItem\",\"position\":1,\"name\":\"Home\",\"item\":\"https:\\\/\\\/www.rifugioaverau.it\\\/de\\\/huette-rifugio-averau\\\/\"},{\"@type\":\"ListItem\",\"position\":2,\"name\":\"Unkategorisiert\",\"item\":\"https:\\\/\\\/www.rifugioaverau.it\\\/de\\\/news\\\/category\\\/unkategorisiert\\\/\"},{\"@type\":\"ListItem\",\"position\":3,\"name\":\"So erreichen Sie uns an diesem Wochenende\"}]},{\"@type\":\"WebSite\",\"@id\":\"https:\\\/\\\/www.rifugioaverau.it\\\/de\\\/#website\",\"url\":\"https:\\\/\\\/www.rifugioaverau.it\\\/de\\\/\",\"name\":\"Rifugio Averau | 5 Torri | Cortina d'Ampezzo\",\"description\":\"Il tuo rifugio tra le 5 Torri a Cortina d Ampezzo\",\"publisher\":{\"@id\":\"https:\\\/\\\/www.rifugioaverau.it\\\/de\\\/#organization\"},\"potentialAction\":[{\"@type\":\"SearchAction\",\"target\":{\"@type\":\"EntryPoint\",\"urlTemplate\":\"https:\\\/\\\/www.rifugioaverau.it\\\/de\\\/?s={search_term_string}\"},\"query-input\":{\"@type\":\"PropertyValueSpecification\",\"valueRequired\":true,\"valueName\":\"search_term_string\"}}],\"inLanguage\":\"de\"},{\"@type\":\"Organization\",\"@id\":\"https:\\\/\\\/www.rifugioaverau.it\\\/de\\\/#organization\",\"name\":\"Rifugio Averau\",\"url\":\"https:\\\/\\\/www.rifugioaverau.it\\\/de\\\/\",\"logo\":{\"@type\":\"ImageObject\",\"inLanguage\":\"de\",\"@id\":\"https:\\\/\\\/www.rifugioaverau.it\\\/de\\\/#\\\/schema\\\/logo\\\/image\\\/\",\"url\":\"https:\\\/\\\/www.rifugioaverau.it\\\/wp-content\\\/uploads\\\/2020\\\/04\\\/Logo-RifugioAverau-5Torrri-Dolomiti-CortinadAmpezzo.png\",\"contentUrl\":\"https:\\\/\\\/www.rifugioaverau.it\\\/wp-content\\\/uploads\\\/2020\\\/04\\\/Logo-RifugioAverau-5Torrri-Dolomiti-CortinadAmpezzo.png\",\"width\":512,\"height\":512,\"caption\":\"Rifugio Averau\"},\"image\":{\"@id\":\"https:\\\/\\\/www.rifugioaverau.it\\\/de\\\/#\\\/schema\\\/logo\\\/image\\\/\"},\"sameAs\":[\"https:\\\/\\\/www.facebook.com\\\/rifugioaverau\\\/\",\"https:\\\/\\\/www.instagram.com\\\/rifugioaverau\\\/\"]},{\"@type\":\"Person\",\"@id\":\"https:\\\/\\\/www.rifugioaverau.it\\\/de\\\/#\\\/schema\\\/person\\\/c0c10efeac51908be02c9b867205e47c\",\"name\":\"Rifugio Averau\",\"image\":{\"@type\":\"ImageObject\",\"inLanguage\":\"de\",\"@id\":\"https:\\\/\\\/secure.gravatar.com\\\/avatar\\\/73ea0fb5dca4499eccdb43f1ae2043fadd550c92fa557ce410661b6b9804fbd1?s=96&d=mm&r=g\",\"url\":\"https:\\\/\\\/secure.gravatar.com\\\/avatar\\\/73ea0fb5dca4499eccdb43f1ae2043fadd550c92fa557ce410661b6b9804fbd1?s=96&d=mm&r=g\",\"contentUrl\":\"https:\\\/\\\/secure.gravatar.com\\\/avatar\\\/73ea0fb5dca4499eccdb43f1ae2043fadd550c92fa557ce410661b6b9804fbd1?s=96&d=mm&r=g\",\"caption\":\"Rifugio Averau\"}}]}<\/script>\n<!-- \/ Yoast SEO plugin. -->","yoast_head_json":{"title":"So erreichen Sie uns an diesem Wochenende - Rifugio Averau | 5 Torri | Cortina d&#039;Ampezzo","description":"Am Samstag, den 7. Juni, \u00f6ffnen wir die Averau-H\u00fctte wieder! Sie werden uns bereits in Betrieb finden, bereit, Sie zwischen den k\u00f6stlichen Aromen der Berge und aufregenden Ausblicken willkommen zu hei\u00dfen.","robots":{"index":"index","follow":"follow","max-snippet":"max-snippet:-1","max-image-preview":"max-image-preview:large","max-video-preview":"max-video-preview:-1"},"canonical":"https:\/\/www.rifugioaverau.it\/de\/news\/erlebnisse\/so-erreichen-sie-uns-an-diesem-wochenende\/","og_locale":"de_DE","og_type":"article","og_title":"So erreichen Sie uns an diesem Wochenende - Rifugio Averau | 5 Torri | Cortina d&#039;Ampezzo","og_description":"Am Samstag, den 7. Juni, \u00f6ffnen wir die Averau-H\u00fctte wieder! Sie werden uns bereits in Betrieb finden, bereit, Sie zwischen den k\u00f6stlichen Aromen der Berge und aufregenden Ausblicken willkommen zu hei\u00dfen.","og_url":"https:\/\/www.rifugioaverau.it\/de\/news\/erlebnisse\/so-erreichen-sie-uns-an-diesem-wochenende\/","og_site_name":"Rifugio Averau | 5 Torri | Cortina d&#039;Ampezzo","article_publisher":"https:\/\/www.facebook.com\/rifugioaverau\/","article_published_time":"2025-06-20T15:02:21+00:00","article_modified_time":"2025-06-20T15:02:22+00:00","og_image":[{"width":598,"height":420,"url":"https:\/\/www.rifugioaverau.it\/wp-content\/uploads\/2025\/06\/RifugioAverau-giugno2025.jpg","type":"image\/jpeg"}],"author":"Rifugio Averau","twitter_card":"summary_large_image","twitter_misc":{"Verfasst von":"Rifugio Averau","Gesch\u00e4tzte Lesezeit":"1\u00a0Minute"},"schema":{"@context":"https:\/\/schema.org","@graph":[{"@type":"Article","@id":"https:\/\/www.rifugioaverau.it\/de\/news\/erlebnisse\/so-erreichen-sie-uns-an-diesem-wochenende\/#article","isPartOf":{"@id":"https:\/\/www.rifugioaverau.it\/de\/news\/erlebnisse\/so-erreichen-sie-uns-an-diesem-wochenende\/"},"author":{"name":"Rifugio Averau","@id":"https:\/\/www.rifugioaverau.it\/de\/#\/schema\/person\/c0c10efeac51908be02c9b867205e47c"},"headline":"So erreichen Sie uns an diesem Wochenende","datePublished":"2025-06-20T15:02:21+00:00","dateModified":"2025-06-20T15:02:22+00:00","mainEntityOfPage":{"@id":"https:\/\/www.rifugioaverau.it\/de\/news\/erlebnisse\/so-erreichen-sie-uns-an-diesem-wochenende\/"},"wordCount":144,"publisher":{"@id":"https:\/\/www.rifugioaverau.it\/de\/#organization"},"image":{"@id":"https:\/\/www.rifugioaverau.it\/de\/news\/erlebnisse\/so-erreichen-sie-uns-an-diesem-wochenende\/#primaryimage"},"thumbnailUrl":"https:\/\/www.rifugioaverau.it\/wp-content\/uploads\/2025\/06\/RifugioAverau-giugno2025.jpg","articleSection":["ERLEBNISSE"],"inLanguage":"de"},{"@type":"WebPage","@id":"https:\/\/www.rifugioaverau.it\/de\/news\/erlebnisse\/so-erreichen-sie-uns-an-diesem-wochenende\/","url":"https:\/\/www.rifugioaverau.it\/de\/news\/erlebnisse\/so-erreichen-sie-uns-an-diesem-wochenende\/","name":"So erreichen Sie uns an diesem Wochenende - Rifugio Averau | 5 Torri | Cortina d&#039;Ampezzo","isPartOf":{"@id":"https:\/\/www.rifugioaverau.it\/de\/#website"},"primaryImageOfPage":{"@id":"https:\/\/www.rifugioaverau.it\/de\/news\/erlebnisse\/so-erreichen-sie-uns-an-diesem-wochenende\/#primaryimage"},"image":{"@id":"https:\/\/www.rifugioaverau.it\/de\/news\/erlebnisse\/so-erreichen-sie-uns-an-diesem-wochenende\/#primaryimage"},"thumbnailUrl":"https:\/\/www.rifugioaverau.it\/wp-content\/uploads\/2025\/06\/RifugioAverau-giugno2025.jpg","datePublished":"2025-06-20T15:02:21+00:00","dateModified":"2025-06-20T15:02:22+00:00","description":"Am Samstag, den 7. Juni, \u00f6ffnen wir die Averau-H\u00fctte wieder! Sie werden uns bereits in Betrieb finden, bereit, Sie zwischen den k\u00f6stlichen Aromen der Berge und aufregenden Ausblicken willkommen zu hei\u00dfen.","breadcrumb":{"@id":"https:\/\/www.rifugioaverau.it\/de\/news\/erlebnisse\/so-erreichen-sie-uns-an-diesem-wochenende\/#breadcrumb"},"inLanguage":"de","potentialAction":[{"@type":"ReadAction","target":["https:\/\/www.rifugioaverau.it\/de\/news\/erlebnisse\/so-erreichen-sie-uns-an-diesem-wochenende\/"]}]},{"@type":"ImageObject","inLanguage":"de","@id":"https:\/\/www.rifugioaverau.it\/de\/news\/erlebnisse\/so-erreichen-sie-uns-an-diesem-wochenende\/#primaryimage","url":"https:\/\/www.rifugioaverau.it\/wp-content\/uploads\/2025\/06\/RifugioAverau-giugno2025.jpg","contentUrl":"https:\/\/www.rifugioaverau.it\/wp-content\/uploads\/2025\/06\/RifugioAverau-giugno2025.jpg","width":598,"height":420},{"@type":"BreadcrumbList","@id":"https:\/\/www.rifugioaverau.it\/de\/news\/erlebnisse\/so-erreichen-sie-uns-an-diesem-wochenende\/#breadcrumb","itemListElement":[{"@type":"ListItem","position":1,"name":"Home","item":"https:\/\/www.rifugioaverau.it\/de\/huette-rifugio-averau\/"},{"@type":"ListItem","position":2,"name":"Unkategorisiert","item":"https:\/\/www.rifugioaverau.it\/de\/news\/category\/unkategorisiert\/"},{"@type":"ListItem","position":3,"name":"So erreichen Sie uns an diesem Wochenende"}]},{"@type":"WebSite","@id":"https:\/\/www.rifugioaverau.it\/de\/#website","url":"https:\/\/www.rifugioaverau.it\/de\/","name":"Rifugio Averau | 5 Torri | Cortina d'Ampezzo","description":"Il tuo rifugio tra le 5 Torri a Cortina d Ampezzo","publisher":{"@id":"https:\/\/www.rifugioaverau.it\/de\/#organization"},"potentialAction":[{"@type":"SearchAction","target":{"@type":"EntryPoint","urlTemplate":"https:\/\/www.rifugioaverau.it\/de\/?s={search_term_string}"},"query-input":{"@type":"PropertyValueSpecification","valueRequired":true,"valueName":"search_term_string"}}],"inLanguage":"de"},{"@type":"Organization","@id":"https:\/\/www.rifugioaverau.it\/de\/#organization","name":"Rifugio Averau","url":"https:\/\/www.rifugioaverau.it\/de\/","logo":{"@type":"ImageObject","inLanguage":"de","@id":"https:\/\/www.rifugioaverau.it\/de\/#\/schema\/logo\/image\/","url":"https:\/\/www.rifugioaverau.it\/wp-content\/uploads\/2020\/04\/Logo-RifugioAverau-5Torrri-Dolomiti-CortinadAmpezzo.png","contentUrl":"https:\/\/www.rifugioaverau.it\/wp-content\/uploads\/2020\/04\/Logo-RifugioAverau-5Torrri-Dolomiti-CortinadAmpezzo.png","width":512,"height":512,"caption":"Rifugio Averau"},"image":{"@id":"https:\/\/www.rifugioaverau.it\/de\/#\/schema\/logo\/image\/"},"sameAs":["https:\/\/www.facebook.com\/rifugioaverau\/","https:\/\/www.instagram.com\/rifugioaverau\/"]},{"@type":"Person","@id":"https:\/\/www.rifugioaverau.it\/de\/#\/schema\/person\/c0c10efeac51908be02c9b867205e47c","name":"Rifugio Averau","image":{"@type":"ImageObject","inLanguage":"de","@id":"https:\/\/secure.gravatar.com\/avatar\/73ea0fb5dca4499eccdb43f1ae2043fadd550c92fa557ce410661b6b9804fbd1?s=96&d=mm&r=g","url":"https:\/\/secure.gravatar.com\/avatar\/73ea0fb5dca4499eccdb43f1ae2043fadd550c92fa557ce410661b6b9804fbd1?s=96&d=mm&r=g","contentUrl":"https:\/\/secure.gravatar.com\/avatar\/73ea0fb5dca4499eccdb43f1ae2043fadd550c92fa557ce410661b6b9804fbd1?s=96&d=mm&r=g","caption":"Rifugio Averau"}}]}},"_links":{"self":[{"href":"https:\/\/www.rifugioaverau.it\/de\/wp-json\/wp\/v2\/posts\/6664","targetHints":{"allow":["GET"]}}],"collection":[{"href":"https:\/\/www.rifugioaverau.it\/de\/wp-json\/wp\/v2\/posts"}],"about":[{"href":"https:\/\/www.rifugioaverau.it\/de\/wp-json\/wp\/v2\/types\/post"}],"author":[{"embeddable":true,"href":"https:\/\/www.rifugioaverau.it\/de\/wp-json\/wp\/v2\/users\/2"}],"replies":[{"embeddable":true,"href":"https:\/\/www.rifugioaverau.it\/de\/wp-json\/wp\/v2\/comments?post=6664"}],"version-history":[{"count":1,"href":"https:\/\/www.rifugioaverau.it\/de\/wp-json\/wp\/v2\/posts\/6664\/revisions"}],"predecessor-version":[{"id":6665,"href":"https:\/\/www.rifugioaverau.it\/de\/wp-json\/wp\/v2\/posts\/6664\/revisions\/6665"}],"wp:featuredmedia":[{"embeddable":true,"href":"https:\/\/www.rifugioaverau.it\/de\/wp-json\/wp\/v2\/media\/6628"}],"wp:attachment":[{"href":"https:\/\/www.rifugioaverau.it\/de\/wp-json\/wp\/v2\/media?parent=6664"}],"wp:term":[{"taxonomy":"category","embeddable":true,"href":"https:\/\/www.rifugioaverau.it\/de\/wp-json\/wp\/v2\/categories?post=6664"},{"taxonomy":"post_tag","embeddable":true,"href":"https:\/\/www.rifugioaverau.it\/de\/wp-json\/wp\/v2\/tags?post=6664"}],"curies":[{"name":"wp","href":"https:\/\/api.w.org\/{rel}","templated":true}]}}