{"id":5558,"date":"2022-06-01T12:21:22","date_gmt":"2022-06-01T10:21:22","guid":{"rendered":"https:\/\/www.rifugioaverau.it\/news\/unkategorisiert\/private-veranstaltungen-im-rifugio-averau\/"},"modified":"2022-06-01T12:21:31","modified_gmt":"2022-06-01T10:21:31","slug":"private-veranstaltungen-im-rifugio-averau","status":"publish","type":"post","link":"https:\/\/www.rifugioaverau.it\/de\/news\/uber-uns\/private-veranstaltungen-im-rifugio-averau\/","title":{"rendered":"Private Veranstaltungen im Rifugio Averau"},"content":{"rendered":"<p>[et_pb_section fb_built=&#8220;1&#8243; _builder_version=&#8220;4.17.4&#8243; global_colors_info=&#8220;{}&#8220; theme_builder_area=&#8220;post_content&#8220;][et_pb_row _builder_version=&#8220;4.16&#8243; background_size=&#8220;initial&#8220; background_position=&#8220;top_left&#8220; background_repeat=&#8220;repeat&#8220; global_colors_info=&#8220;{}&#8220; theme_builder_area=&#8220;post_content&#8220;][et_pb_column type=&#8220;4_4&#8243; _builder_version=&#8220;4.16&#8243; custom_padding=&#8220;|||&#8220; global_colors_info=&#8220;{}&#8220; custom_padding__hover=&#8220;|||&#8220; theme_builder_area=&#8220;post_content&#8220;][et_pb_text _builder_version=&#8220;4.17.4&#8243; background_size=&#8220;initial&#8220; background_position=&#8220;top_left&#8220; background_repeat=&#8220;repeat&#8220; hover_enabled=&#8220;0&#8243; global_colors_info=&#8220;{}&#8220; theme_builder_area=&#8220;post_content&#8220; sticky_enabled=&#8220;0&#8243;]<\/p>\n<p><!-- divi:paragraph -->Sabato 16 luglio, sabato 30 luglio e sabato 3 settembre, il ristorante, la terrazza e il bar del Rifugio Averau saranno chiusi al pubblico per concomitanza con eventi privati. Am Samstag, den <strong>16. Juli<\/strong>, Samstag, den <strong>30. Juli<\/strong> und Samstag, den <strong>3. September<\/strong> sind das <strong>Restaurant<\/strong>, die <strong>Terrasse<\/strong> und die <strong>Bar<\/strong> der Averau-H\u00fctte wegen privater Veranstaltungen f\u00fcr <strong>die \u00d6ffentlichkeit geschlossen<\/strong>. Der Outdoor-Kiosk wird ge\u00f6ffnet bleiben.<\/p>\n<p><!-- \/divi:paragraph --><\/p>\n<p><!-- divi:paragraph -->Der Outdoor-Kiosk wird <strong>ge\u00f6ffnet bleiben<\/strong>.<\/p>\n<p><!-- \/divi:paragraph --><\/p>\n<p>[\/et_pb_text][\/et_pb_column][\/et_pb_row][\/et_pb_section]<\/p>\n","protected":false},"excerpt":{"rendered":"<p>Sabato 16 luglio, sabato 30 luglio e sabato 3 settembre, il ristorante, la terrazza e il bar del Rifugio Averau saranno chiusi al pubblico per concomitanza con eventi privati. Am Samstag, den 16. Juli, Samstag, den 30. Juli und Samstag, den 3. September sind das Restaurant, die Terrasse und die Bar der Averau-H\u00fctte wegen privater [&hellip;]<\/p>\n","protected":false},"author":2,"featured_media":0,"comment_status":"closed","ping_status":"open","sticky":false,"template":"","format":"standard","meta":{"_et_pb_use_builder":"on","_et_pb_old_content":"","_et_gb_content_width":"","footnotes":""},"categories":[147],"tags":[],"class_list":["post-5558","post","type-post","status-publish","format-standard","hentry","category-uber-uns"],"yoast_head":"<!-- This site is optimized with the Yoast SEO plugin v27.6 - https:\/\/yoast.com\/product\/yoast-seo-wordpress\/ -->\n<title>Private Veranstaltungen im Rifugio Averau - Rifugio Averau | 5 Torri | Cortina d&#039;Ampezzo<\/title>\n<meta name=\"robots\" content=\"index, follow, max-snippet:-1, max-image-preview:large, max-video-preview:-1\" \/>\n<link rel=\"canonical\" href=\"https:\/\/www.rifugioaverau.it\/de\/news\/uber-uns\/private-veranstaltungen-im-rifugio-averau\/\" \/>\n<meta property=\"og:locale\" content=\"de_DE\" \/>\n<meta property=\"og:type\" content=\"article\" \/>\n<meta property=\"og:title\" content=\"Private Veranstaltungen im Rifugio Averau - Rifugio Averau | 5 Torri | Cortina d&#039;Ampezzo\" \/>\n<meta property=\"og:description\" content=\"Sabato 16 luglio, sabato 30 luglio e sabato 3 settembre, il ristorante, la terrazza e il bar del Rifugio Averau saranno chiusi al pubblico per concomitanza con eventi privati. Am Samstag, den 16. Juli, Samstag, den 30. Juli und Samstag, den 3. September sind das Restaurant, die Terrasse und die Bar der Averau-H\u00fctte wegen privater [&hellip;]\" \/>\n<meta property=\"og:url\" content=\"https:\/\/www.rifugioaverau.it\/de\/news\/uber-uns\/private-veranstaltungen-im-rifugio-averau\/\" \/>\n<meta property=\"og:site_name\" content=\"Rifugio Averau | 5 Torri | Cortina d&#039;Ampezzo\" \/>\n<meta property=\"article:publisher\" content=\"https:\/\/www.facebook.com\/rifugioaverau\/\" \/>\n<meta property=\"article:published_time\" content=\"2022-06-01T10:21:22+00:00\" \/>\n<meta property=\"article:modified_time\" content=\"2022-06-01T10:21:31+00:00\" \/>\n<meta name=\"author\" content=\"Rifugio Averau\" \/>\n<meta name=\"twitter:card\" content=\"summary_large_image\" \/>\n<meta name=\"twitter:label1\" content=\"Verfasst von\" \/>\n\t<meta name=\"twitter:data1\" content=\"Rifugio Averau\" \/>\n\t<meta name=\"twitter:label2\" content=\"Gesch\u00e4tzte Lesezeit\" \/>\n\t<meta name=\"twitter:data2\" content=\"1\u00a0Minute\" \/>\n<script type=\"application\/ld+json\" class=\"yoast-schema-graph\">{\"@context\":\"https:\\\/\\\/schema.org\",\"@graph\":[{\"@type\":\"Article\",\"@id\":\"https:\\\/\\\/www.rifugioaverau.it\\\/de\\\/news\\\/uber-uns\\\/private-veranstaltungen-im-rifugio-averau\\\/#article\",\"isPartOf\":{\"@id\":\"https:\\\/\\\/www.rifugioaverau.it\\\/de\\\/news\\\/uber-uns\\\/private-veranstaltungen-im-rifugio-averau\\\/\"},\"author\":{\"name\":\"Rifugio Averau\",\"@id\":\"https:\\\/\\\/www.rifugioaverau.it\\\/de\\\/#\\\/schema\\\/person\\\/c0c10efeac51908be02c9b867205e47c\"},\"headline\":\"Private Veranstaltungen im Rifugio Averau\",\"datePublished\":\"2022-06-01T10:21:22+00:00\",\"dateModified\":\"2022-06-01T10:21:31+00:00\",\"mainEntityOfPage\":{\"@id\":\"https:\\\/\\\/www.rifugioaverau.it\\\/de\\\/news\\\/uber-uns\\\/private-veranstaltungen-im-rifugio-averau\\\/\"},\"wordCount\":169,\"publisher\":{\"@id\":\"https:\\\/\\\/www.rifugioaverau.it\\\/de\\\/#organization\"},\"articleSection\":[\"\u00dcber uns\"],\"inLanguage\":\"de\"},{\"@type\":\"WebPage\",\"@id\":\"https:\\\/\\\/www.rifugioaverau.it\\\/de\\\/news\\\/uber-uns\\\/private-veranstaltungen-im-rifugio-averau\\\/\",\"url\":\"https:\\\/\\\/www.rifugioaverau.it\\\/de\\\/news\\\/uber-uns\\\/private-veranstaltungen-im-rifugio-averau\\\/\",\"name\":\"Private Veranstaltungen im Rifugio Averau - Rifugio Averau | 5 Torri | Cortina d&#039;Ampezzo\",\"isPartOf\":{\"@id\":\"https:\\\/\\\/www.rifugioaverau.it\\\/de\\\/#website\"},\"datePublished\":\"2022-06-01T10:21:22+00:00\",\"dateModified\":\"2022-06-01T10:21:31+00:00\",\"breadcrumb\":{\"@id\":\"https:\\\/\\\/www.rifugioaverau.it\\\/de\\\/news\\\/uber-uns\\\/private-veranstaltungen-im-rifugio-averau\\\/#breadcrumb\"},\"inLanguage\":\"de\",\"potentialAction\":[{\"@type\":\"ReadAction\",\"target\":[\"https:\\\/\\\/www.rifugioaverau.it\\\/de\\\/news\\\/uber-uns\\\/private-veranstaltungen-im-rifugio-averau\\\/\"]}]},{\"@type\":\"BreadcrumbList\",\"@id\":\"https:\\\/\\\/www.rifugioaverau.it\\\/de\\\/news\\\/uber-uns\\\/private-veranstaltungen-im-rifugio-averau\\\/#breadcrumb\",\"itemListElement\":[{\"@type\":\"ListItem\",\"position\":1,\"name\":\"Home\",\"item\":\"https:\\\/\\\/www.rifugioaverau.it\\\/de\\\/huette-rifugio-averau\\\/\"},{\"@type\":\"ListItem\",\"position\":2,\"name\":\"\u00dcber uns\",\"item\":\"https:\\\/\\\/www.rifugioaverau.it\\\/de\\\/news\\\/category\\\/uber-uns\\\/\"},{\"@type\":\"ListItem\",\"position\":3,\"name\":\"Private Veranstaltungen im Rifugio Averau\"}]},{\"@type\":\"WebSite\",\"@id\":\"https:\\\/\\\/www.rifugioaverau.it\\\/de\\\/#website\",\"url\":\"https:\\\/\\\/www.rifugioaverau.it\\\/de\\\/\",\"name\":\"Rifugio Averau | 5 Torri | Cortina d'Ampezzo\",\"description\":\"Il tuo rifugio tra le 5 Torri a Cortina d Ampezzo\",\"publisher\":{\"@id\":\"https:\\\/\\\/www.rifugioaverau.it\\\/de\\\/#organization\"},\"potentialAction\":[{\"@type\":\"SearchAction\",\"target\":{\"@type\":\"EntryPoint\",\"urlTemplate\":\"https:\\\/\\\/www.rifugioaverau.it\\\/de\\\/?s={search_term_string}\"},\"query-input\":{\"@type\":\"PropertyValueSpecification\",\"valueRequired\":true,\"valueName\":\"search_term_string\"}}],\"inLanguage\":\"de\"},{\"@type\":\"Organization\",\"@id\":\"https:\\\/\\\/www.rifugioaverau.it\\\/de\\\/#organization\",\"name\":\"Rifugio Averau\",\"url\":\"https:\\\/\\\/www.rifugioaverau.it\\\/de\\\/\",\"logo\":{\"@type\":\"ImageObject\",\"inLanguage\":\"de\",\"@id\":\"https:\\\/\\\/www.rifugioaverau.it\\\/de\\\/#\\\/schema\\\/logo\\\/image\\\/\",\"url\":\"https:\\\/\\\/www.rifugioaverau.it\\\/wp-content\\\/uploads\\\/2020\\\/04\\\/Logo-RifugioAverau-5Torrri-Dolomiti-CortinadAmpezzo.png\",\"contentUrl\":\"https:\\\/\\\/www.rifugioaverau.it\\\/wp-content\\\/uploads\\\/2020\\\/04\\\/Logo-RifugioAverau-5Torrri-Dolomiti-CortinadAmpezzo.png\",\"width\":512,\"height\":512,\"caption\":\"Rifugio Averau\"},\"image\":{\"@id\":\"https:\\\/\\\/www.rifugioaverau.it\\\/de\\\/#\\\/schema\\\/logo\\\/image\\\/\"},\"sameAs\":[\"https:\\\/\\\/www.facebook.com\\\/rifugioaverau\\\/\",\"https:\\\/\\\/www.instagram.com\\\/rifugioaverau\\\/\"]},{\"@type\":\"Person\",\"@id\":\"https:\\\/\\\/www.rifugioaverau.it\\\/de\\\/#\\\/schema\\\/person\\\/c0c10efeac51908be02c9b867205e47c\",\"name\":\"Rifugio Averau\",\"image\":{\"@type\":\"ImageObject\",\"inLanguage\":\"de\",\"@id\":\"https:\\\/\\\/secure.gravatar.com\\\/avatar\\\/73ea0fb5dca4499eccdb43f1ae2043fadd550c92fa557ce410661b6b9804fbd1?s=96&d=mm&r=g\",\"url\":\"https:\\\/\\\/secure.gravatar.com\\\/avatar\\\/73ea0fb5dca4499eccdb43f1ae2043fadd550c92fa557ce410661b6b9804fbd1?s=96&d=mm&r=g\",\"contentUrl\":\"https:\\\/\\\/secure.gravatar.com\\\/avatar\\\/73ea0fb5dca4499eccdb43f1ae2043fadd550c92fa557ce410661b6b9804fbd1?s=96&d=mm&r=g\",\"caption\":\"Rifugio Averau\"}}]}<\/script>\n<!-- \/ Yoast SEO plugin. -->","yoast_head_json":{"title":"Private Veranstaltungen im Rifugio Averau - Rifugio Averau | 5 Torri | Cortina d&#039;Ampezzo","robots":{"index":"index","follow":"follow","max-snippet":"max-snippet:-1","max-image-preview":"max-image-preview:large","max-video-preview":"max-video-preview:-1"},"canonical":"https:\/\/www.rifugioaverau.it\/de\/news\/uber-uns\/private-veranstaltungen-im-rifugio-averau\/","og_locale":"de_DE","og_type":"article","og_title":"Private Veranstaltungen im Rifugio Averau - Rifugio Averau | 5 Torri | Cortina d&#039;Ampezzo","og_description":"Sabato 16 luglio, sabato 30 luglio e sabato 3 settembre, il ristorante, la terrazza e il bar del Rifugio Averau saranno chiusi al pubblico per concomitanza con eventi privati. Am Samstag, den 16. Juli, Samstag, den 30. Juli und Samstag, den 3. September sind das Restaurant, die Terrasse und die Bar der Averau-H\u00fctte wegen privater [&hellip;]","og_url":"https:\/\/www.rifugioaverau.it\/de\/news\/uber-uns\/private-veranstaltungen-im-rifugio-averau\/","og_site_name":"Rifugio Averau | 5 Torri | Cortina d&#039;Ampezzo","article_publisher":"https:\/\/www.facebook.com\/rifugioaverau\/","article_published_time":"2022-06-01T10:21:22+00:00","article_modified_time":"2022-06-01T10:21:31+00:00","author":"Rifugio Averau","twitter_card":"summary_large_image","twitter_misc":{"Verfasst von":"Rifugio Averau","Gesch\u00e4tzte Lesezeit":"1\u00a0Minute"},"schema":{"@context":"https:\/\/schema.org","@graph":[{"@type":"Article","@id":"https:\/\/www.rifugioaverau.it\/de\/news\/uber-uns\/private-veranstaltungen-im-rifugio-averau\/#article","isPartOf":{"@id":"https:\/\/www.rifugioaverau.it\/de\/news\/uber-uns\/private-veranstaltungen-im-rifugio-averau\/"},"author":{"name":"Rifugio Averau","@id":"https:\/\/www.rifugioaverau.it\/de\/#\/schema\/person\/c0c10efeac51908be02c9b867205e47c"},"headline":"Private Veranstaltungen im Rifugio Averau","datePublished":"2022-06-01T10:21:22+00:00","dateModified":"2022-06-01T10:21:31+00:00","mainEntityOfPage":{"@id":"https:\/\/www.rifugioaverau.it\/de\/news\/uber-uns\/private-veranstaltungen-im-rifugio-averau\/"},"wordCount":169,"publisher":{"@id":"https:\/\/www.rifugioaverau.it\/de\/#organization"},"articleSection":["\u00dcber uns"],"inLanguage":"de"},{"@type":"WebPage","@id":"https:\/\/www.rifugioaverau.it\/de\/news\/uber-uns\/private-veranstaltungen-im-rifugio-averau\/","url":"https:\/\/www.rifugioaverau.it\/de\/news\/uber-uns\/private-veranstaltungen-im-rifugio-averau\/","name":"Private Veranstaltungen im Rifugio Averau - Rifugio Averau | 5 Torri | Cortina d&#039;Ampezzo","isPartOf":{"@id":"https:\/\/www.rifugioaverau.it\/de\/#website"},"datePublished":"2022-06-01T10:21:22+00:00","dateModified":"2022-06-01T10:21:31+00:00","breadcrumb":{"@id":"https:\/\/www.rifugioaverau.it\/de\/news\/uber-uns\/private-veranstaltungen-im-rifugio-averau\/#breadcrumb"},"inLanguage":"de","potentialAction":[{"@type":"ReadAction","target":["https:\/\/www.rifugioaverau.it\/de\/news\/uber-uns\/private-veranstaltungen-im-rifugio-averau\/"]}]},{"@type":"BreadcrumbList","@id":"https:\/\/www.rifugioaverau.it\/de\/news\/uber-uns\/private-veranstaltungen-im-rifugio-averau\/#breadcrumb","itemListElement":[{"@type":"ListItem","position":1,"name":"Home","item":"https:\/\/www.rifugioaverau.it\/de\/huette-rifugio-averau\/"},{"@type":"ListItem","position":2,"name":"\u00dcber uns","item":"https:\/\/www.rifugioaverau.it\/de\/news\/category\/uber-uns\/"},{"@type":"ListItem","position":3,"name":"Private Veranstaltungen im Rifugio Averau"}]},{"@type":"WebSite","@id":"https:\/\/www.rifugioaverau.it\/de\/#website","url":"https:\/\/www.rifugioaverau.it\/de\/","name":"Rifugio Averau | 5 Torri | Cortina d'Ampezzo","description":"Il tuo rifugio tra le 5 Torri a Cortina d Ampezzo","publisher":{"@id":"https:\/\/www.rifugioaverau.it\/de\/#organization"},"potentialAction":[{"@type":"SearchAction","target":{"@type":"EntryPoint","urlTemplate":"https:\/\/www.rifugioaverau.it\/de\/?s={search_term_string}"},"query-input":{"@type":"PropertyValueSpecification","valueRequired":true,"valueName":"search_term_string"}}],"inLanguage":"de"},{"@type":"Organization","@id":"https:\/\/www.rifugioaverau.it\/de\/#organization","name":"Rifugio Averau","url":"https:\/\/www.rifugioaverau.it\/de\/","logo":{"@type":"ImageObject","inLanguage":"de","@id":"https:\/\/www.rifugioaverau.it\/de\/#\/schema\/logo\/image\/","url":"https:\/\/www.rifugioaverau.it\/wp-content\/uploads\/2020\/04\/Logo-RifugioAverau-5Torrri-Dolomiti-CortinadAmpezzo.png","contentUrl":"https:\/\/www.rifugioaverau.it\/wp-content\/uploads\/2020\/04\/Logo-RifugioAverau-5Torrri-Dolomiti-CortinadAmpezzo.png","width":512,"height":512,"caption":"Rifugio Averau"},"image":{"@id":"https:\/\/www.rifugioaverau.it\/de\/#\/schema\/logo\/image\/"},"sameAs":["https:\/\/www.facebook.com\/rifugioaverau\/","https:\/\/www.instagram.com\/rifugioaverau\/"]},{"@type":"Person","@id":"https:\/\/www.rifugioaverau.it\/de\/#\/schema\/person\/c0c10efeac51908be02c9b867205e47c","name":"Rifugio Averau","image":{"@type":"ImageObject","inLanguage":"de","@id":"https:\/\/secure.gravatar.com\/avatar\/73ea0fb5dca4499eccdb43f1ae2043fadd550c92fa557ce410661b6b9804fbd1?s=96&d=mm&r=g","url":"https:\/\/secure.gravatar.com\/avatar\/73ea0fb5dca4499eccdb43f1ae2043fadd550c92fa557ce410661b6b9804fbd1?s=96&d=mm&r=g","contentUrl":"https:\/\/secure.gravatar.com\/avatar\/73ea0fb5dca4499eccdb43f1ae2043fadd550c92fa557ce410661b6b9804fbd1?s=96&d=mm&r=g","caption":"Rifugio Averau"}}]}},"_links":{"self":[{"href":"https:\/\/www.rifugioaverau.it\/de\/wp-json\/wp\/v2\/posts\/5558","targetHints":{"allow":["GET"]}}],"collection":[{"href":"https:\/\/www.rifugioaverau.it\/de\/wp-json\/wp\/v2\/posts"}],"about":[{"href":"https:\/\/www.rifugioaverau.it\/de\/wp-json\/wp\/v2\/types\/post"}],"author":[{"embeddable":true,"href":"https:\/\/www.rifugioaverau.it\/de\/wp-json\/wp\/v2\/users\/2"}],"replies":[{"embeddable":true,"href":"https:\/\/www.rifugioaverau.it\/de\/wp-json\/wp\/v2\/comments?post=5558"}],"version-history":[{"count":2,"href":"https:\/\/www.rifugioaverau.it\/de\/wp-json\/wp\/v2\/posts\/5558\/revisions"}],"predecessor-version":[{"id":5560,"href":"https:\/\/www.rifugioaverau.it\/de\/wp-json\/wp\/v2\/posts\/5558\/revisions\/5560"}],"wp:attachment":[{"href":"https:\/\/www.rifugioaverau.it\/de\/wp-json\/wp\/v2\/media?parent=5558"}],"wp:term":[{"taxonomy":"category","embeddable":true,"href":"https:\/\/www.rifugioaverau.it\/de\/wp-json\/wp\/v2\/categories?post=5558"},{"taxonomy":"post_tag","embeddable":true,"href":"https:\/\/www.rifugioaverau.it\/de\/wp-json\/wp\/v2\/tags?post=5558"}],"curies":[{"name":"wp","href":"https:\/\/api.w.org\/{rel}","templated":true}]}}